{"id":6,"date":"2013-03-16T14:47:59","date_gmt":"2013-03-16T14:47:59","guid":{"rendered":"http:\/\/appz.themeshaker.com\/?p=1"},"modified":"2022-06-06T11:57:58","modified_gmt":"2022-06-06T11:57:58","slug":"hello-world-2","status":"publish","type":"post","link":"https:\/\/aurora-alerts.com\/no\/2013\/03\/16\/hello-world-2\/","title":{"rendered":"Prognosen for polar nord glans og varsler"},"content":{"rendered":"<p>Prognosen for polar nord glans og varsler &#8211; anlegget, som er utarbeidet for \u00e5 vigilantly overv\u00e5ke morgen aktivitet i sanntid, og sjokket, \u00e5 fortelle om polar Nordglanz (nordlys), synlig kan v\u00e6re i kveld. Hver gang du vil varsle husene eller langt, systemet n\u00e5r muligheten for \u00e5 observere nordlys eksisterer.<\/p>\n<p>Pr\u00f8v v\u00e5r nye app\u00a0<a href=\"https:\/\/apps.apple.com\/no\/app\/northern-lights-forecast\/id1492559559\">Northern Lights Forecast<\/a> med mange nye funksjoner!<\/p>\n<p>De viktigste egenskapene:<\/p>\n<p>&#8211; Den kortsiktige prognose for Aurora i neste time med v\u00e6rforhold og m\u00e5ne belysning<\/p>\n<p>&#8211; Den langsiktige Aurora er sp\u00e5dd av f\u00f8lgende 3 dager med v\u00e6rforholdene under<\/p>\n<p>&#8211; Utf\u00f8r sjansen f\u00f8r for \u00e5 se nordlyset p\u00e5 grunn av deres plassering eller brukere<\/p>\n<p>&#8211; Den n\u00e5v\u00e6rende morgen aktivitet (p\u00e5 grunn av de observerte og predikerte indekser Kp fra USA v\u00e6ret etaten etter Air Force)<\/p>\n<p>&#8211; \u00c5 vurdere v\u00e6rmeldingen vilk\u00e5rene for visjonen, planen f\u00f8r for \u00e5 se nordlyset<\/p>\n<p>&#8211; Data for den solfylte vind direkte fra f\u00f8lges \u041d\u0410\u0421\u0410 (hastigheten p\u00e5 vinden, BZ, Kj\u00f8pt og tetthet)<\/p>\n<p>&#8211; I motsetning til andre systemer, bruker den lokal tid i stedet for UTC<\/p>\n<p>Varslene:<\/p>\n<p>&#8211; N\u00e5r nordlyset kan v\u00e6re synlig i den aktuelle bruks plassering i horisonten eller over<\/p>\n<p>&#8211; Indeksen Kp n\u00e5dd hver verdi<\/p>\n<p>&#8211; Data for den solfylte Wind n\u00e5 de valgte verdier<\/p>\n<p>&#8211; Du kan bruke varslinger p\u00e5 grunn av den p\u00e5g\u00e5ende skyet taket eller filtrere ut tiden p\u00e5 dagen<\/p>\n<p>\u00d8ke mulighetene for \u00e5 gjennomg\u00e5 nordlyset!<\/p>","protected":false},"excerpt":{"rendered":"<p>Prognosen for polar nord glans og varsler &#8211; anlegget, som er utarbeidet for \u00e5 vigilantly overv\u00e5ke morgen aktivitet i sanntid, og sjokket, \u00e5 fortelle om polar Nordglanz (nordlys), synlig kan v\u00e6re i kveld. Hver gang du vil varsle husene eller langt, systemet n\u00e5r muligheten for \u00e5 observere nordlys eksisterer. Pr\u00f8v v\u00e5r nye app\u00a0Northern Lights Forecast [&hellip;]<\/p>\n","protected":false},"author":1,"featured_media":0,"comment_status":"open","ping_status":"open","sticky":false,"template":"","format":"standard","meta":[],"categories":[1],"tags":[],"_links":{"self":[{"href":"https:\/\/aurora-alerts.com\/no\/wp-json\/wp\/v2\/posts\/6"}],"collection":[{"href":"https:\/\/aurora-alerts.com\/no\/wp-json\/wp\/v2\/posts"}],"about":[{"href":"https:\/\/aurora-alerts.com\/no\/wp-json\/wp\/v2\/types\/post"}],"author":[{"embeddable":true,"href":"https:\/\/aurora-alerts.com\/no\/wp-json\/wp\/v2\/users\/1"}],"replies":[{"embeddable":true,"href":"https:\/\/aurora-alerts.com\/no\/wp-json\/wp\/v2\/comments?post=6"}],"version-history":[{"count":38,"href":"https:\/\/aurora-alerts.com\/no\/wp-json\/wp\/v2\/posts\/6\/revisions"}],"predecessor-version":[{"id":98,"href":"https:\/\/aurora-alerts.com\/no\/wp-json\/wp\/v2\/posts\/6\/revisions\/98"}],"wp:attachment":[{"href":"https:\/\/aurora-alerts.com\/no\/wp-json\/wp\/v2\/media?parent=6"}],"wp:term":[{"taxonomy":"category","embeddable":true,"href":"https:\/\/aurora-alerts.com\/no\/wp-json\/wp\/v2\/categories?post=6"},{"taxonomy":"post_tag","embeddable":true,"href":"https:\/\/aurora-alerts.com\/no\/wp-json\/wp\/v2\/tags?post=6"}],"curies":[{"name":"wp","href":"https:\/\/api.w.org\/{rel}","templated":true}]}}